{"id":724,"date":"2018-02-15T16:41:31","date_gmt":"2018-02-15T16:41:31","guid":{"rendered":"https:\/\/www.floristeriapetalos.com\/blog\/?p=724"},"modified":"2018-03-05T17:07:04","modified_gmt":"2018-03-05T17:07:04","slug":"origen-del-dia-de-la-mujer-trabajadora","status":"publish","type":"post","link":"https:\/\/www.floristeriapetalos.com\/blog\/origen-del-dia-de-la-mujer-trabajadora\/","title":{"rendered":"Origen del D\u00eda de la Mujer Trabajadora"},"content":{"rendered":"<p style=\"text-align: justify\">El 8 de marzo celebramos el <strong>D\u00eda de la Mujer,<\/strong> conmemorando la incansable lucha de muchas mujeres por equiparas sus derechos a los de los hombres y conseguir la igualdad completa en todos los \u00e1mbitos de la vida. Este d\u00eda hace especial referencia a los hechos que sucedieron el 25 de marzo de 1911 en una f\u00e1brica textil de Nueva York, donde perecieron m\u00e1s de 140 mujeres. Pero lo cierto es que la lucha comenz\u00f3 mucho antes, concretamente en el a\u00f1o 1857.<\/p>\n<p style=\"text-align: justify\">Era una \u00e9poca en la que muchas mujeres empezaron a incorporarse por primera vez al mercado laboral, especialmente al sector textil, donde eran mayor\u00eda absoluta. La cuesti\u00f3n es que las largas jornadas que deb\u00edan cumplir y los miserables salarios que recib\u00edan por ello hicieron que finalmente decidieran sublevarse y que salieran a reclamar sus derechos. Aunque la manifestaci\u00f3n fue duramente reprimida por la polic\u00eda, las mujeres no se rindieron y continuaron con la lucha.<\/p>\n<p style=\"text-align: justify\"><img loading=\"lazy\" decoding=\"async\" class=\"size-full wp-image-725 aligncenter\" src=\"https:\/\/www.floristeriapetalos.com\/blog\/wp-content\/uploads\/2018\/03\/22.jpg\" alt=\"D\u00eda de la Mujer\" width=\"570\" height=\"448\" srcset=\"https:\/\/www.floristeriapetalos.com\/blog\/wp-content\/uploads\/2018\/03\/22.jpg 570w, https:\/\/www.floristeriapetalos.com\/blog\/wp-content\/uploads\/2018\/03\/22-300x236.jpg 300w\" sizes=\"auto, (max-width: 570px) 100vw, 570px\" \/><\/p>\n<p style=\"text-align: justify\"><!--more--><\/p>\n<p style=\"text-align: justify\">En 1908 fueron m\u00e1s de 15.000 mujeres las que salieron por las calles de Nueva York al grito de \u00ab\u00a1Pan y rosas!\u00bb para pedir los derechos que consideraban justos. Un sueldo igual que el de los hombres, una jornada laboral m\u00e1s corta y mejores condiciones en las f\u00e1bricas.<\/p>\n<p style=\"text-align: justify\">Fue en el a\u00f1o 1910 cuando, durante un Congreso Internacional de Mujeres Socialistas,<strong> Clara Zetkin<\/strong> propuso que el 8 de marzo de convitiera en el D\u00eda Internacional de la Mujer como homenaje a todas aquellas mujeres que hab\u00edan comenzado la lucha feminista en contra de la explotaci\u00f3n capitalista. Clara Zetkin fue dirigente del Partido Socialdem\u00f3crata alem\u00e1n y organizadora de su secci\u00f3n femenina. Adem\u00e1s, cre\u00f3 el peri\u00f3dico \u00abLa Igualdad\u00bb,que fue uno de los veh\u00edculos de epxresi\u00f3n m\u00e1s importantes de las mujeres socialistas en la \u00e9poca.<\/p>\n<p style=\"text-align: justify\">En el a\u00f1o 1917, mientras se celebraba este d\u00eda en Rusia, las obreras del sector textil tambi\u00e9n salieron a la calle para reivindicar, marcando el comienzo de la revoluci\u00f3n m\u00e1s grande que se haya vivido a lo largo de todo el siglo XX y que dar\u00eda lugar a la toma del poder por parte de la clase obrera el mes de octubre dle mismo a\u00f1o.<\/p>\n<p style=\"text-align: justify\">Ha llovido mucho desde entonces y hoy podemos decir que, aunque todav\u00eda queda mucho por hacer, el feminismo ha ido cobrando fuerza de manera progresiva en todo el mundo. En la actualidad ya no tiene ese car\u00e1cter obrero con el que se inici\u00f3 hace m\u00e1s de un siglo, pero contin\u00faa siendo un d\u00eda dedicado a la lucha en la que se reclaman los derechos de la mujer en todos los \u00e1mbitos de la vida. No para ser m\u00e1s y mejores que los hombres, como muchos confunden, sino iguales.<\/p>\n<p style=\"text-align: justify\">Cada 8 de marzo, miles de mujeres salen a las calles de las ciudades de todo el mundo para reivindicar su papel en la sociedad, sus derechos y sus libertades, para luchar contra todas aquellas leyes que consideran injustas porque las discriminan o rechazan y que, por tanto, van en contra de la igualdad de g\u00e9neros y oportunidades.<\/p>\n<p style=\"text-align: justify\">Lamentablemente es una lucha que, aunque est\u00e1 muy avanzada en los pa\u00edses occidentales, todav\u00eda es incipiente en otros pa\u00edses del mundo, donde ni siquiera se han conseguido derechos tan b\u00e1sicos como el acceso de la mujer a la educaci\u00f3n, al trabajo a la cultura y a la pol\u00edtica. Pa\u00edses en los que las mujeres siguen luchando por participar en todos los sectores en condiciones de igualdad en los que su participaci\u00f3n ha sido siempre muy escasa.<\/p>\n<p style=\"text-align: justify\">En nuestro pa\u00eds, afortunadamente, el papel de la mujer ha ido cambiando y \u00e9sta ya no est\u00e1 reclu\u00eda exclusivamente al \u00e1mbito dom\u00e9stico, donde tradicionalmente se hab\u00eda encargado de hacer todas las tareas del hogar y hab\u00eda quedado subordinada al hombre. La mujer ha conseguido proyectar su papel hacia el exterior, fuera del \u00e1mbito familiar y realizar nuemerosas labores en escuelas, f\u00e1bricas y organismos pol\u00edticos y de la administraci\u00f3n del Estado. Pudiendo formarse igual que el hombre para poder competir en las mismas condiciones. Adem\u00e1s, la sociedad empieza a comprender que los derechos de la mujer son fundamentales y que sus cualidades intelectuales y afectivas enriquecen a la sociedad.<\/p>\n<p style=\"text-align: justify\">Pero no solamente es una lucha de un movimiento colectivo, sino que con muchas las mujeres que a t\u00edtulo individual cada d\u00eda contin\u00faan con su lucha. Mujeres que seguramente concoes y que admiras. En<a href=\"https:\/\/www.floristeriapetalos.com\"> <strong>Florister\u00eda P\u00e9talos<\/strong><\/a> pensamos que la mejor forma de hacerles saber lo importantes que son para nosotros y decirles cu\u00e1nto las admiramos y les agradecemos que sean como son es a trav\u00e9s de un precioso env\u00edo de flores a domicilio.Entra en nuestro cat\u00e1logo y encontrar\u00e1s una variedad de arreglos para elegir.<\/p>\n<p style=\"text-align: justify\">Realizamos entregas en toda Espa\u00f1a. Solamente tienes que hacer tu pedido en unos minutos y nosotros os ocuparemos del resto. Env\u00edaselo a casa o al trabajo junto con un bonito mensaje y seguro que conseigues emocionarla. Nada mejor para transmitirle lo mucho que la apoyas y la valoras.<\/p>\n","protected":false},"excerpt":{"rendered":"<p>El 8 de marzo celebramos el D\u00eda de la Mujer, conmemorando la incansable lucha de muchas mujeres por equiparas sus derechos a los de los hombres y conseguir la igualdad completa en todos los \u00e1mbitos de la vida. Este d\u00eda hace especial referencia a los hechos que sucedieron el 25 de marzo de 1911 en <span class=\"ellipsis\">&hellip;<\/span> <span class=\"more-link-wrap\"><a href=\"https:\/\/www.floristeriapetalos.com\/blog\/origen-del-dia-de-la-mujer-trabajadora\/\" class=\"more-link\"><span>Read More &rarr;<\/span><\/a><\/span><\/p>\n","protected":false},"author":2,"featured_media":725,"comment_status":"open","ping_status":"closed","sticky":false,"template":"","format":"standard","meta":{"om_disable_all_campaigns":false,"_monsterinsights_skip_tracking":false,"_monsterinsights_sitenote_active":false,"_monsterinsights_sitenote_note":"","_monsterinsights_sitenote_category":0,"footnotes":""},"categories":[1],"tags":[],"class_list":["post-724","post","type-post","status-publish","format-standard","has-post-thumbnail","hentry","category-sin-categoria"],"aioseo_notices":[],"_links":{"self":[{"href":"https:\/\/www.floristeriapetalos.com\/blog\/wp-json\/wp\/v2\/posts\/724","targetHints":{"allow":["GET"]}}],"collection":[{"href":"https:\/\/www.floristeriapetalos.com\/blog\/wp-json\/wp\/v2\/posts"}],"about":[{"href":"https:\/\/www.floristeriapetalos.com\/blog\/wp-json\/wp\/v2\/types\/post"}],"author":[{"embeddable":true,"href":"https:\/\/www.floristeriapetalos.com\/blog\/wp-json\/wp\/v2\/users\/2"}],"replies":[{"embeddable":true,"href":"https:\/\/www.floristeriapetalos.com\/blog\/wp-json\/wp\/v2\/comments?post=724"}],"version-history":[{"count":0,"href":"https:\/\/www.floristeriapetalos.com\/blog\/wp-json\/wp\/v2\/posts\/724\/revisions"}],"wp:featuredmedia":[{"embeddable":true,"href":"https:\/\/www.floristeriapetalos.com\/blog\/wp-json\/wp\/v2\/media\/725"}],"wp:attachment":[{"href":"https:\/\/www.floristeriapetalos.com\/blog\/wp-json\/wp\/v2\/media?parent=724"}],"wp:term":[{"taxonomy":"category","embeddable":true,"href":"https:\/\/www.floristeriapetalos.com\/blog\/wp-json\/wp\/v2\/categories?post=724"},{"taxonomy":"post_tag","embeddable":true,"href":"https:\/\/www.floristeriapetalos.com\/blog\/wp-json\/wp\/v2\/tags?post=724"}],"curies":[{"name":"wp","href":"https:\/\/api.w.org\/{rel}","templated":true}]}}